{"id":3148,"__str__":"OFCC N\u00ba 001/2026 - Of\u00edcio Circular ","link_detail_backend":"/docadm/3148","metadata":{"signs":{"texto_integral":{"admin":[],"autores":[["Alexandre Neu",["2026-01-16T09:34:47-03:00","ICP-Brasil"]]]}}},"numero":1,"complemento":"","ano":2026,"data":"2026-01-16","interessado":"vereadores","dias_prazo":null,"data_fim_prazo":null,"tramitacao":false,"assunto":"Levantamento do recesso parlamentar e convoca\u00e7\u00e3o para sess\u00e3o extraordin\u00e1ria","numero_externo":null,"observacao":"","texto_integral":"http://sapl.agudo.rs.leg.br/media/sapl/private/documentoadministrativo/3148/ofcirc012026.pdf","restrito":false,"ip":"45.238.136.226","ultima_edicao":"2026-01-16T09:46:54.455337-03:00","tipo":4,"protocolo":null,"autor":null,"user":129,"anexados":[],"materiasvinculadas":[12029,12030,12031,12032,12033,12034,12035,12036,12037,12038,12039,12040]}