{"id":12092,"__str__":"Indica\u00e7\u00e3o n\u00ba 6 de 2026","link_detail_backend":"/materia/12092","metadata":{"signs":{"texto_original":{"admin":[],"autores":[["Graciela de Lima Barchet",["2026-03-24T11:08:03-03:00","Gov-Br"]]]}}},"numero":6,"ano":2026,"numero_protocolo":null,"data_apresentacao":"2026-03-24","tipo_apresentacao":"E","data_publicacao":null,"numero_origem_externa":"","ano_origem_externa":null,"data_origem_externa":null,"apelido":"","dias_prazo":null,"data_fim_prazo":null,"em_tramitacao":false,"polemica":false,"objeto":"","complementar":false,"ementa":"Encaminhamento de Anteprojeto de Lei \u2013 Isen\u00e7\u00e3o de IPTU para pessoas em situa\u00e7\u00e3o de vulnerabilidade","indexacao":"","observacao":"","resultado":"","texto_original":"http://sapl.agudo.rs.leg.br/media/sapl/public/materialegislativa/2026/12092/indicacao062026_assinado.pdf","data_ultima_atualizacao":"2026-03-24T13:36:47.409106-03:00","ip":"45.238.137.252","ultima_edicao":"2026-03-24T13:06:08.140745-03:00","tipo":9,"regime_tramitacao":1,"tipo_origem_externa":null,"local_origem_externa":null,"user":129,"anexadas":[],"autores":[134]}